{"provider_url": "https://www.santoinaciodopiaui.pi.leg.br", "title": "Presidente Assume Cargo na C\u00e2mara Municipal em Cerim\u00f4nia Solene", "html": "<p>Em uma cerim\u00f4nia solene carregada de expectativa e promessas de progresso, a C\u00e2mara Municipal de Santo In\u00e1cio do Piau\u00ed - PI testemunhou a posse da nova presidente, marcando assim o in\u00edcio de um novo cap\u00edtulo na lideran\u00e7a do munic\u00edpio.</p>\r\n<p>O evento, que contou com a presen\u00e7a de autoridades locais, membros da comunidade e imprensa, foi conduzido com grande formalidade e respeito \u00e0s tradi\u00e7\u00f5es democr\u00e1ticas. Ap\u00f3s uma elei\u00e7\u00e3o acirrada e transparente,\u00a0<span>Maria da Concei\u00e7\u00e3o Ferreira Farias,</span> emergiu como a escolhida para ocupar a cadeira de presidente da C\u00e2mara Municipal.</p>\r\n<p>Em seu discurso de posse, Maria da Concei\u00e7\u00e3o Ferreira Farias expressou sua gratid\u00e3o pela confian\u00e7a depositada nele pelos seus colegas e pelo povo da cidade. Ele destacou seu compromisso inabal\u00e1vel com a transpar\u00eancia, a integridade e a representa\u00e7\u00e3o equitativa de todos os cidad\u00e3os do munic\u00edpio.</p>\r\n<p>A nova presidente tamb\u00e9m delineou sua vis\u00e3o para o futuro da cidade, delineando planos para impulsionar o desenvolvimento econ\u00f4mico, promover a inclus\u00e3o social e fortalecer os servi\u00e7os p\u00fablicos essenciais. Ele enfatizou a import\u00e2ncia da colabora\u00e7\u00e3o entre todos os setores da sociedade para enfrentar os desafios e aproveitar as oportunidades que se apresentam.</p>\r\n<p>Com a posse da nova presidente, a C\u00e2mara Municipal de Santo In\u00e1cio do Piau\u00ed - PI agora se prepara para um per\u00edodo de intensa atividade legislativa e administrativa, com a promessa de um futuro promissor e vibrante para a comunidade local.<br /><br />Clique <strong><a class=\"external-link\" href=\"https://www.santoinaciodopiaui.pi.leg.br/institucional/fotos/presidente-assume-cargo-na-camara-municipal-em-cerimonia-solene\" target=\"_self\" title=\"\">aqui</a></strong> para mais fotos.</p>", "author_name": "Interlegis", "version": "1.0", "author_url": "https://www.santoinaciodopiaui.pi.leg.br/author/Interlegis", "provider_name": "C\u00e2mara Municipal", "type": "rich"}